{"id":105900,"date":"2020-11-11T16:08:22","date_gmt":"2020-11-11T16:08:22","guid":{"rendered":"https:\/\/asktraders-stg.knitbyhands.com\/?post_type=news&#038;p=105900"},"modified":"2020-11-11T16:09:38","modified_gmt":"2020-11-11T16:09:38","slug":"apple-aktie-neues-macbook-air-und-macbook-pro-vorgestellt","status":"publish","type":"news","link":"https:\/\/asktraders-stg.knitbyhands.com\/de\/finanznachrichten\/apple-aktie-neues-macbook-air-und-macbook-pro-vorgestellt\/","title":{"rendered":"Apple Aktie: Neues MacBook Air und MacBook Pro vorgestellt"},"content":{"rendered":"<p>Bereits vor einiger Zeit hatte Apple angek\u00fcndigt, in Zukunft nicht mehr auf CPUs von Intel setzen zu wollen. Dies hat vor allem zwei Gr\u00fcnde: Offiziell argumentiert Apple, dass Intel es schon seit Jahren nicht schaffe, stromsparende Prozessoren herzustellen. Und tats\u00e4chlich schafft es Apple mit seinem neuen Prozessor \u201eM1\u201c, die Akkulaufzeit seiner MacBooks deutlich zu vergr\u00f6\u00dfern: Beim bisherigen MacBook Air mit Intel CPU waren es 10 Stunden, nunmehr sind es 18 Stunden. Auch das MacBook Pro h\u00e4lt jetzt nicht mehr nur 11 Stunden durch, sondern sogar 20.<\/p>\n<p>Apples Konzept scheint daher aufzugehen. Ein weiterer Grund f\u00fcr die neuen Prozessoren liegt darin, dass sich das kalifornische Unternehmen dadurch noch unabh\u00e4ngiger von Drittherstellern macht. Damit wird es Apple gelingen, seine ohnehin schon sehr gute Marge noch weiter zu erh\u00f6hen. Dies bedeutet dann auch h\u00f6here Gewinne und damit auch noch mehr Kaufargumente f\u00fcr die Apple Aktie.<\/p>\n<p>Auch die Preise f\u00fcr die neuen Macs sind bereits bekannt: So ist das MacBook Air ab 1.100 Euro erh\u00e4ltlich. F\u00fcr das MacBook Pro fallen hingegen mindestens 1.364 Euro an. G\u00fcnstiger ist hingegen der Mac mini mit 779 Euro.<\/p>\n<p>Aus charttechnischer Sicht sind die Aktien von Apple derzeit ebenfalls sehr interessant. So kam es in den letzten Wochen zu einer Korrektur, nachdem das neue Allzeithoch bei 137 US-Dollar im September 2020 erreicht wurde.<\/p>\n<p><img loading=\"lazy\" decoding=\"async\" class=\"aligncenter size-full wp-image-105901\" src=\"https:\/\/asktraders-stg.knitbyhands.com\/wp-content\/uploads\/2020\/11\/apple-chart-111120.png\" alt=\"apple chart 111120\" width=\"605\" height=\"308\" srcset=\"https:\/\/asktraders-stg.knitbyhands.com\/wp-content\/uploads\/2020\/11\/apple-chart-111120.png 605w, https:\/\/asktraders-stg.knitbyhands.com\/wp-content\/uploads\/2020\/11\/apple-chart-111120-333x170.png 333w, https:\/\/asktraders-stg.knitbyhands.com\/wp-content\/uploads\/2020\/11\/apple-chart-111120-378x192.png 378w, https:\/\/asktraders-stg.knitbyhands.com\/wp-content\/uploads\/2020\/11\/apple-chart-111120-86x44.png 86w\" sizes=\"auto, (max-width: 605px) 100vw, 605px\" \/><\/p>\n<p>Wie man im Chart gut erkennen kann, verl\u00e4uft die Korrektur innerhalb eines Dreiecks. Vor zwei Tagen hat die Apple Aktie bereits versucht, aus dem Dreieck nach oben auszubrechen. Der erste Versuch ist dabei gescheitert, allerdings ist dies nicht ungew\u00f6hnlich. Vielmehr stehen die Chancen gut, dass es den Bullen zeitnah gelingen wird, einen nachhaltigen Ausbruch hinzubekommen. In diesem Fall sollte dann auch das Allzeithoch wieder z\u00fcgig angelaufen werden.<\/p>\n<p>Daher bieten sich aktuell sehr lukrative Chancen f\u00fcr Einstiege bei der Apple Aktie. So gehen Analysten davon aus, dass sich die Aktie \u00fcber kurz oder lang mindestens verdoppeln sollte. Um mit den Papieren von Apple zu handeln, kann man auch einen CFD Broker nutzen. Dort hat man auch die M\u00f6glichkeit, einen Hebel einzusetzen, um den Kapitalbedarf zu senken. Hilfreich ist auch unser <a href=\"https:\/\/asktraders-stg.knitbyhands.com\/de\/broker\/cfd\/\">CFD Broker Vergleich<\/a>.<\/p>\n","protected":false},"author":422,"featured_media":37203,"comment_status":"open","ping_status":"closed","template":"legacy-single.blade.php","news_cluster":[],"tradingcategory":[58519],"class_list":["post-105900","news","type-news","status-publish","has-post-thumbnail","hentry","tradingcategory-news-de"],"acf":[],"apple_news_notices":[],"yoast_head":"<!-- This site is optimized with the Yoast SEO Premium plugin v26.3 (Yoast SEO v26.4) - https:\/\/yoast.com\/wordpress\/plugins\/seo\/ -->\n<title>Apple Aktie: Neues MacBook Air und MacBook Pro vorgestellt | asktraders-stg.knitbyhands.com<\/title>\n<meta name=\"robots\" content=\"index, follow, max-snippet:-1, max-image-preview:large, max-video-preview:-1\" \/>\n<link rel=\"canonical\" href=\"https:\/\/asktraders-stg.knitbyhands.com\/de\/finanznachrichten\/apple-aktie-neues-macbook-air-und-macbook-pro-vorgestellt\/\" \/>\n<meta property=\"og:locale\" content=\"de_DE\" \/>\n<meta property=\"og:type\" content=\"article\" \/>\n<meta property=\"og:title\" content=\"Apple Aktie: Neues MacBook Air und MacBook Pro vorgestellt\" \/>\n<meta property=\"og:description\" content=\"Bereits vor einiger Zeit hatte Apple angek\u00fcndigt, in Zukunft nicht mehr auf CPUs von Intel setzen zu wollen. Dies hat vor allem zwei Gr\u00fcnde: Offiziell argumentiert Apple, dass Intel es schon seit Jahren nicht schaffe, stromsparende Prozessoren herzustellen. Und tats\u00e4chlich schafft es Apple mit seinem neuen Prozessor \u201eM1\u201c, die Akkulaufzeit seiner MacBooks deutlich zu vergr\u00f6\u00dfern: &hellip; Continued\" \/>\n<meta property=\"og:url\" content=\"https:\/\/asktraders-stg.knitbyhands.com\/de\/finanznachrichten\/apple-aktie-neues-macbook-air-und-macbook-pro-vorgestellt\/\" \/>\n<meta property=\"og:site_name\" content=\"asktraders-stg.knitbyhands.com\" \/>\n<meta property=\"article:publisher\" content=\"https:\/\/www.facebook.com\/asktraderscom\" \/>\n<meta property=\"article:modified_time\" content=\"2020-11-11T16:09:38+00:00\" \/>\n<meta property=\"og:image\" content=\"https:\/\/asktraders-stg.knitbyhands.com\/wp-content\/uploads\/2019\/03\/Tim-Apple.jpg\" \/>\n\t<meta property=\"og:image:width\" content=\"1000\" \/>\n\t<meta property=\"og:image:height\" content=\"667\" \/>\n\t<meta property=\"og:image:type\" content=\"image\/jpeg\" \/>\n<meta name=\"twitter:card\" content=\"summary_large_image\" \/>\n<meta name=\"twitter:site\" content=\"@Asktraders1\" \/>\n<meta name=\"twitter:label1\" content=\"Gesch\u00e4tzte Lesezeit\" \/>\n\t<meta name=\"twitter:data1\" content=\"2\u00a0Minuten\" \/>\n<script type=\"application\/ld+json\" class=\"yoast-schema-graph\">{\"@context\":\"https:\/\/schema.org\",\"@graph\":[{\"@type\":\"NewsArticle\",\"@id\":\"https:\/\/asktraders-stg.knitbyhands.com\/de\/finanznachrichten\/apple-aktie-neues-macbook-air-und-macbook-pro-vorgestellt\/#article\",\"isPartOf\":{\"@id\":\"https:\/\/asktraders-stg.knitbyhands.com\/de\/finanznachrichten\/apple-aktie-neues-macbook-air-und-macbook-pro-vorgestellt\/\"},\"author\":{\"name\":\"Nigel F\",\"@id\":\"https:\/\/asktraders-stg.knitbyhands.com\/de\/#\/schema\/person\/cd8009fc3845138ee01dea7444c31a9b\",\"url\":\"https:\/\/asktraders-stg.knitbyhands.com\/de\/author\/nigel-f\/\"},\"headline\":\"Apple Aktie: Neues MacBook Air und MacBook Pro vorgestellt\",\"datePublished\":\"2020-11-11T16:08:22+00:00\",\"dateModified\":\"2020-11-11T16:09:38+00:00\",\"mainEntityOfPage\":{\"@id\":\"https:\/\/asktraders-stg.knitbyhands.com\/de\/finanznachrichten\/apple-aktie-neues-macbook-air-und-macbook-pro-vorgestellt\/\"},\"wordCount\":365,\"commentCount\":0,\"publisher\":{\"@id\":\"https:\/\/asktraders-stg.knitbyhands.com\/de\/#organization\"},\"image\":{\"@id\":\"https:\/\/asktraders-stg.knitbyhands.com\/de\/finanznachrichten\/apple-aktie-neues-macbook-air-und-macbook-pro-vorgestellt\/#primaryimage\"},\"thumbnailUrl\":\"https:\/\/asktraders-stg.knitbyhands.com\/wp-content\/uploads\/2019\/03\/Tim-Apple.jpg\",\"keywords\":[\"Apple\"],\"inLanguage\":\"de\",\"potentialAction\":[{\"@type\":\"CommentAction\",\"name\":\"Comment\",\"target\":[\"https:\/\/asktraders-stg.knitbyhands.com\/de\/finanznachrichten\/apple-aktie-neues-macbook-air-und-macbook-pro-vorgestellt\/#respond\"]}],\"copyrightYear\":\"2020\",\"copyrightHolder\":{\"@id\":\"https:\/\/asktraders-stg.knitbyhands.com\/#organization\"}},{\"@type\":\"WebPage\",\"@id\":\"https:\/\/asktraders-stg.knitbyhands.com\/de\/finanznachrichten\/apple-aktie-neues-macbook-air-und-macbook-pro-vorgestellt\/\",\"url\":\"https:\/\/asktraders-stg.knitbyhands.com\/de\/finanznachrichten\/apple-aktie-neues-macbook-air-und-macbook-pro-vorgestellt\/\",\"name\":\"Apple Aktie: Neues MacBook Air und MacBook Pro vorgestellt | asktraders-stg.knitbyhands.com\",\"isPartOf\":{\"@id\":\"https:\/\/asktraders-stg.knitbyhands.com\/de\/#website\"},\"primaryImageOfPage\":{\"@id\":\"https:\/\/asktraders-stg.knitbyhands.com\/de\/finanznachrichten\/apple-aktie-neues-macbook-air-und-macbook-pro-vorgestellt\/#primaryimage\"},\"image\":{\"@id\":\"https:\/\/asktraders-stg.knitbyhands.com\/de\/finanznachrichten\/apple-aktie-neues-macbook-air-und-macbook-pro-vorgestellt\/#primaryimage\"},\"thumbnailUrl\":\"https:\/\/asktraders-stg.knitbyhands.com\/wp-content\/uploads\/2019\/03\/Tim-Apple.jpg\",\"datePublished\":\"2020-11-11T16:08:22+00:00\",\"dateModified\":\"2020-11-11T16:09:38+00:00\",\"breadcrumb\":{\"@id\":\"https:\/\/asktraders-stg.knitbyhands.com\/de\/finanznachrichten\/apple-aktie-neues-macbook-air-und-macbook-pro-vorgestellt\/#breadcrumb\"},\"inLanguage\":\"de\",\"potentialAction\":[{\"@type\":\"ReadAction\",\"target\":[\"https:\/\/asktraders-stg.knitbyhands.com\/de\/finanznachrichten\/apple-aktie-neues-macbook-air-und-macbook-pro-vorgestellt\/\"]}]},{\"@type\":\"ImageObject\",\"inLanguage\":\"de\",\"@id\":\"https:\/\/asktraders-stg.knitbyhands.com\/de\/finanznachrichten\/apple-aktie-neues-macbook-air-und-macbook-pro-vorgestellt\/#primaryimage\",\"url\":\"https:\/\/asktraders-stg.knitbyhands.com\/wp-content\/uploads\/2019\/03\/Tim-Apple.jpg\",\"contentUrl\":\"https:\/\/asktraders-stg.knitbyhands.com\/wp-content\/uploads\/2019\/03\/Tim-Apple.jpg\",\"width\":1000,\"height\":667},{\"@type\":\"BreadcrumbList\",\"@id\":\"https:\/\/asktraders-stg.knitbyhands.com\/de\/finanznachrichten\/apple-aktie-neues-macbook-air-und-macbook-pro-vorgestellt\/#breadcrumb\",\"itemListElement\":[{\"@type\":\"ListItem\",\"position\":1,\"name\":\"Home\",\"item\":\"https:\/\/asktraders-stg.knitbyhands.com\/de\/\"},{\"@type\":\"ListItem\",\"position\":2,\"name\":\"News\",\"item\":\"https:\/\/asktraders-stg.knitbyhands.com\/de\/finanznachrichten\/\"},{\"@type\":\"ListItem\",\"position\":3,\"name\":\"Apple Aktie: Neues MacBook Air und MacBook Pro vorgestellt\"}]},{\"@type\":\"WebSite\",\"@id\":\"https:\/\/asktraders-stg.knitbyhands.com\/de\/#website\",\"url\":\"https:\/\/asktraders-stg.knitbyhands.com\/de\/\",\"name\":\"AskTraders\",\"description\":\"Guiding You To Trading Success\",\"publisher\":{\"@id\":\"https:\/\/asktraders-stg.knitbyhands.com\/de\/#organization\"},\"inLanguage\":\"de\"},{\"@type\":\"Organization\",\"@id\":\"https:\/\/asktraders-stg.knitbyhands.com\/de\/#organization\",\"name\":\"AskTraders\",\"url\":\"https:\/\/asktraders-stg.knitbyhands.com\/de\/\",\"logo\":{\"@type\":\"ImageObject\",\"inLanguage\":\"de\",\"@id\":\"https:\/\/asktraders-stg.knitbyhands.com\/de\/#\/schema\/logo\/image\/\",\"url\":\"https:\/\/asktraders-stg.knitbyhands.com\/wp-content\/uploads\/2019\/05\/asktraders-logo-tm-white.png\",\"contentUrl\":\"https:\/\/asktraders-stg.knitbyhands.com\/wp-content\/uploads\/2019\/05\/asktraders-logo-tm-white.png\",\"width\":232,\"height\":38,\"caption\":\"AskTraders\"},\"image\":{\"@id\":\"https:\/\/asktraders-stg.knitbyhands.com\/de\/#\/schema\/logo\/image\/\"},\"sameAs\":[\"https:\/\/www.facebook.com\/asktraderscom\",\"https:\/\/x.com\/Asktraders1\"]},{\"@type\":\"Person\",\"@id\":\"https:\/\/asktraders-stg.knitbyhands.com\/de\/#\/schema\/person\/cd8009fc3845138ee01dea7444c31a9b\",\"name\":\"Nigel F\",\"image\":{\"@type\":\"ImageObject\",\"inLanguage\":\"de\",\"@id\":\"https:\/\/asktraders-stg.knitbyhands.com\/de\/#\/schema\/person\/image\/\",\"url\":\"https:\/\/secure.gravatar.com\/avatar\/8e7ba72232eb3bf3fbc7f376d453ccc8f1829b467c528df93b7d74ec3114ff49?s=96&d=mm&r=g\",\"contentUrl\":\"https:\/\/secure.gravatar.com\/avatar\/8e7ba72232eb3bf3fbc7f376d453ccc8f1829b467c528df93b7d74ec3114ff49?s=96&d=mm&r=g\",\"caption\":\"Nigel F\"}}]}<\/script>\n<!-- \/ Yoast SEO Premium plugin. -->","yoast_head_json":{"title":"Apple Aktie: Neues MacBook Air und MacBook Pro vorgestellt | asktraders-stg.knitbyhands.com","robots":{"index":"index","follow":"follow","max-snippet":"max-snippet:-1","max-image-preview":"max-image-preview:large","max-video-preview":"max-video-preview:-1"},"canonical":"https:\/\/asktraders-stg.knitbyhands.com\/de\/finanznachrichten\/apple-aktie-neues-macbook-air-und-macbook-pro-vorgestellt\/","og_locale":"de_DE","og_type":"article","og_title":"Apple Aktie: Neues MacBook Air und MacBook Pro vorgestellt","og_description":"Bereits vor einiger Zeit hatte Apple angek\u00fcndigt, in Zukunft nicht mehr auf CPUs von Intel setzen zu wollen. Dies hat vor allem zwei Gr\u00fcnde: Offiziell argumentiert Apple, dass Intel es schon seit Jahren nicht schaffe, stromsparende Prozessoren herzustellen. Und tats\u00e4chlich schafft es Apple mit seinem neuen Prozessor \u201eM1\u201c, die Akkulaufzeit seiner MacBooks deutlich zu vergr\u00f6\u00dfern: &hellip; Continued","og_url":"https:\/\/asktraders-stg.knitbyhands.com\/de\/finanznachrichten\/apple-aktie-neues-macbook-air-und-macbook-pro-vorgestellt\/","og_site_name":"asktraders-stg.knitbyhands.com","article_publisher":"https:\/\/www.facebook.com\/asktraderscom","article_modified_time":"2020-11-11T16:09:38+00:00","og_image":[{"width":1000,"height":667,"url":"https:\/\/asktraders-stg.knitbyhands.com\/wp-content\/uploads\/2019\/03\/Tim-Apple.jpg","type":"image\/jpeg"}],"twitter_card":"summary_large_image","twitter_site":"@Asktraders1","twitter_misc":{"Gesch\u00e4tzte Lesezeit":"2\u00a0Minuten"},"schema":{"@context":"https:\/\/schema.org","@graph":[{"@type":"NewsArticle","@id":"https:\/\/asktraders-stg.knitbyhands.com\/de\/finanznachrichten\/apple-aktie-neues-macbook-air-und-macbook-pro-vorgestellt\/#article","isPartOf":{"@id":"https:\/\/asktraders-stg.knitbyhands.com\/de\/finanznachrichten\/apple-aktie-neues-macbook-air-und-macbook-pro-vorgestellt\/"},"author":{"name":"Nigel F","@id":"https:\/\/asktraders-stg.knitbyhands.com\/de\/#\/schema\/person\/cd8009fc3845138ee01dea7444c31a9b","url":"https:\/\/asktraders-stg.knitbyhands.com\/de\/author\/nigel-f\/"},"headline":"Apple Aktie: Neues MacBook Air und MacBook Pro vorgestellt","datePublished":"2020-11-11T16:08:22+00:00","dateModified":"2020-11-11T16:09:38+00:00","mainEntityOfPage":{"@id":"https:\/\/asktraders-stg.knitbyhands.com\/de\/finanznachrichten\/apple-aktie-neues-macbook-air-und-macbook-pro-vorgestellt\/"},"wordCount":365,"commentCount":0,"publisher":{"@id":"https:\/\/asktraders-stg.knitbyhands.com\/de\/#organization"},"image":{"@id":"https:\/\/asktraders-stg.knitbyhands.com\/de\/finanznachrichten\/apple-aktie-neues-macbook-air-und-macbook-pro-vorgestellt\/#primaryimage"},"thumbnailUrl":"https:\/\/asktraders-stg.knitbyhands.com\/wp-content\/uploads\/2019\/03\/Tim-Apple.jpg","keywords":["Apple"],"inLanguage":"de","potentialAction":[{"@type":"CommentAction","name":"Comment","target":["https:\/\/asktraders-stg.knitbyhands.com\/de\/finanznachrichten\/apple-aktie-neues-macbook-air-und-macbook-pro-vorgestellt\/#respond"]}],"copyrightYear":"2020","copyrightHolder":{"@id":"https:\/\/asktraders-stg.knitbyhands.com\/#organization"}},{"@type":"WebPage","@id":"https:\/\/asktraders-stg.knitbyhands.com\/de\/finanznachrichten\/apple-aktie-neues-macbook-air-und-macbook-pro-vorgestellt\/","url":"https:\/\/asktraders-stg.knitbyhands.com\/de\/finanznachrichten\/apple-aktie-neues-macbook-air-und-macbook-pro-vorgestellt\/","name":"Apple Aktie: Neues MacBook Air und MacBook Pro vorgestellt | asktraders-stg.knitbyhands.com","isPartOf":{"@id":"https:\/\/asktraders-stg.knitbyhands.com\/de\/#website"},"primaryImageOfPage":{"@id":"https:\/\/asktraders-stg.knitbyhands.com\/de\/finanznachrichten\/apple-aktie-neues-macbook-air-und-macbook-pro-vorgestellt\/#primaryimage"},"image":{"@id":"https:\/\/asktraders-stg.knitbyhands.com\/de\/finanznachrichten\/apple-aktie-neues-macbook-air-und-macbook-pro-vorgestellt\/#primaryimage"},"thumbnailUrl":"https:\/\/asktraders-stg.knitbyhands.com\/wp-content\/uploads\/2019\/03\/Tim-Apple.jpg","datePublished":"2020-11-11T16:08:22+00:00","dateModified":"2020-11-11T16:09:38+00:00","breadcrumb":{"@id":"https:\/\/asktraders-stg.knitbyhands.com\/de\/finanznachrichten\/apple-aktie-neues-macbook-air-und-macbook-pro-vorgestellt\/#breadcrumb"},"inLanguage":"de","potentialAction":[{"@type":"ReadAction","target":["https:\/\/asktraders-stg.knitbyhands.com\/de\/finanznachrichten\/apple-aktie-neues-macbook-air-und-macbook-pro-vorgestellt\/"]}]},{"@type":"ImageObject","inLanguage":"de","@id":"https:\/\/asktraders-stg.knitbyhands.com\/de\/finanznachrichten\/apple-aktie-neues-macbook-air-und-macbook-pro-vorgestellt\/#primaryimage","url":"https:\/\/asktraders-stg.knitbyhands.com\/wp-content\/uploads\/2019\/03\/Tim-Apple.jpg","contentUrl":"https:\/\/asktraders-stg.knitbyhands.com\/wp-content\/uploads\/2019\/03\/Tim-Apple.jpg","width":1000,"height":667},{"@type":"BreadcrumbList","@id":"https:\/\/asktraders-stg.knitbyhands.com\/de\/finanznachrichten\/apple-aktie-neues-macbook-air-und-macbook-pro-vorgestellt\/#breadcrumb","itemListElement":[{"@type":"ListItem","position":1,"name":"Home","item":"https:\/\/asktraders-stg.knitbyhands.com\/de\/"},{"@type":"ListItem","position":2,"name":"News","item":"https:\/\/asktraders-stg.knitbyhands.com\/de\/finanznachrichten\/"},{"@type":"ListItem","position":3,"name":"Apple Aktie: Neues MacBook Air und MacBook Pro vorgestellt"}]},{"@type":"WebSite","@id":"https:\/\/asktraders-stg.knitbyhands.com\/de\/#website","url":"https:\/\/asktraders-stg.knitbyhands.com\/de\/","name":"AskTraders","description":"Guiding You To Trading Success","publisher":{"@id":"https:\/\/asktraders-stg.knitbyhands.com\/de\/#organization"},"inLanguage":"de"},{"@type":"Organization","@id":"https:\/\/asktraders-stg.knitbyhands.com\/de\/#organization","name":"AskTraders","url":"https:\/\/asktraders-stg.knitbyhands.com\/de\/","logo":{"@type":"ImageObject","inLanguage":"de","@id":"https:\/\/asktraders-stg.knitbyhands.com\/de\/#\/schema\/logo\/image\/","url":"https:\/\/asktraders-stg.knitbyhands.com\/wp-content\/uploads\/2019\/05\/asktraders-logo-tm-white.png","contentUrl":"https:\/\/asktraders-stg.knitbyhands.com\/wp-content\/uploads\/2019\/05\/asktraders-logo-tm-white.png","width":232,"height":38,"caption":"AskTraders"},"image":{"@id":"https:\/\/asktraders-stg.knitbyhands.com\/de\/#\/schema\/logo\/image\/"},"sameAs":["https:\/\/www.facebook.com\/asktraderscom","https:\/\/x.com\/Asktraders1"]},{"@type":"Person","@id":"https:\/\/asktraders-stg.knitbyhands.com\/de\/#\/schema\/person\/cd8009fc3845138ee01dea7444c31a9b","name":"Nigel F","image":{"@type":"ImageObject","inLanguage":"de","@id":"https:\/\/asktraders-stg.knitbyhands.com\/de\/#\/schema\/person\/image\/","url":"https:\/\/secure.gravatar.com\/avatar\/8e7ba72232eb3bf3fbc7f376d453ccc8f1829b467c528df93b7d74ec3114ff49?s=96&d=mm&r=g","contentUrl":"https:\/\/secure.gravatar.com\/avatar\/8e7ba72232eb3bf3fbc7f376d453ccc8f1829b467c528df93b7d74ec3114ff49?s=96&d=mm&r=g","caption":"Nigel F"}}]}},"_links":{"self":[{"href":"https:\/\/asktraders-stg.knitbyhands.com\/de\/wp-json\/wp\/v2\/news\/105900","targetHints":{"allow":["GET"]}}],"collection":[{"href":"https:\/\/asktraders-stg.knitbyhands.com\/de\/wp-json\/wp\/v2\/news"}],"about":[{"href":"https:\/\/asktraders-stg.knitbyhands.com\/de\/wp-json\/wp\/v2\/types\/news"}],"author":[{"embeddable":true,"href":"https:\/\/asktraders-stg.knitbyhands.com\/de\/wp-json\/wp\/v2\/users\/422"}],"replies":[{"embeddable":true,"href":"https:\/\/asktraders-stg.knitbyhands.com\/de\/wp-json\/wp\/v2\/comments?post=105900"}],"version-history":[{"count":0,"href":"https:\/\/asktraders-stg.knitbyhands.com\/de\/wp-json\/wp\/v2\/news\/105900\/revisions"}],"wp:featuredmedia":[{"embeddable":true,"href":"https:\/\/asktraders-stg.knitbyhands.com\/de\/wp-json\/wp\/v2\/media\/37203"}],"wp:attachment":[{"href":"https:\/\/asktraders-stg.knitbyhands.com\/de\/wp-json\/wp\/v2\/media?parent=105900"}],"wp:term":[{"taxonomy":"news_cluster","embeddable":true,"href":"https:\/\/asktraders-stg.knitbyhands.com\/de\/wp-json\/wp\/v2\/news_cluster?post=105900"},{"taxonomy":"tradingcategory","embeddable":true,"href":"https:\/\/asktraders-stg.knitbyhands.com\/de\/wp-json\/wp\/v2\/tradingcategory?post=105900"}],"curies":[{"name":"wp","href":"https:\/\/api.w.org\/{rel}","templated":true}]}}