{"id":107705,"date":"2020-11-27T09:48:59","date_gmt":"2020-11-27T09:48:59","guid":{"rendered":"https:\/\/asktraders-stg.knitbyhands.com\/?post_type=news&#038;p=107705"},"modified":"2020-11-27T09:48:59","modified_gmt":"2020-11-27T09:48:59","slug":"bmw-aktie-endlich-ist-die-korrektur-beendet","status":"publish","type":"news","link":"https:\/\/asktraders-stg.knitbyhands.com\/de\/finanznachrichten\/bmw-aktie-endlich-ist-die-korrektur-beendet\/","title":{"rendered":"BMW Aktie: Endlich ist die Korrektur beendet!"},"content":{"rendered":"<p>Freuen kann sich die BMW Aktie aber zum Beispiel auch \u00fcber die Tatsache, dass die Corona Krise in China mittlerweile \u00fcberwunden scheint. So werden dort sogar wieder mehr Fahrzeuge verkauft, als im letzten Jahr. Auch f\u00fcr BMW ist dies besonders wichtig: Denn mittlerweile wird rund jedes dritte Auto des M\u00fcnchner Unternehmens in China abgesetzt.<\/p>\n<p>Die steigenden Verk\u00e4ufe in China k\u00f6nnen daher auch die Verluste in den USA und Europa ausgleichen. \u00dcberhaupt ist damit zu rechnen, dass die Konjunktur sich wieder stark erholen wird, sobald die angek\u00fcndigten Corona Impfstoffe zur Verf\u00fcgung stehen.<\/p>\n<p>Die B\u00f6rse nimmt diese Entwicklung bereits vorweg, wie man auch gut an der BMW Aktie beobachten kann: So sind die Papiere des Autobauers in den letzten Wochen sehr stark gestiegen.<\/p>\n<p>Als gro\u00dfe Unterst\u00fctzung diente dabei der Bereich zwischen 36 und 47 Euro (gr\u00fcnes Rechteck). Aktuell notieren die Aktien von BMW bei rund 74 Euro. Mittlerweile wurde auch ein wichtiger Widerstandsbereich angelaufen. Um die Korrektur endg\u00fcltig zu beenden, m\u00fcsste die Aktie \u00fcber das Hoch bei dem roten Pfeil ansteigen.<\/p>\n<p><img loading=\"lazy\" decoding=\"async\" class=\"aligncenter size-full wp-image-107707\" src=\"https:\/\/asktraders-stg.knitbyhands.com\/wp-content\/uploads\/2020\/11\/bmw-aktie-271120.png\" alt=\"bmw aktie 271120\" width=\"605\" height=\"312\" srcset=\"https:\/\/asktraders-stg.knitbyhands.com\/wp-content\/uploads\/2020\/11\/bmw-aktie-271120.png 605w, https:\/\/asktraders-stg.knitbyhands.com\/wp-content\/uploads\/2020\/11\/bmw-aktie-271120-333x172.png 333w, https:\/\/asktraders-stg.knitbyhands.com\/wp-content\/uploads\/2020\/11\/bmw-aktie-271120-378x195.png 378w, https:\/\/asktraders-stg.knitbyhands.com\/wp-content\/uploads\/2020\/11\/bmw-aktie-271120-85x44.png 85w\" sizes=\"auto, (max-width: 605px) 100vw, 605px\" \/><\/p>\n<p>Danach d\u00fcrfte es zu kr\u00e4ftigen Kursgewinnen kommen. Als Ziel winkt dabei das Allzeithoch bei 124 Euro. Damit erh\u00e4lt man aktuell als Anleger und Trader eine Chance auf einen Kursgewinn von knapp 70 %.<\/p>\n<p>Doch auch nach dem Erreichen des Allzeithochs sollte f\u00fcr die Aktie noch nicht Schluss sein. So gehen Analysten davon aus, dass die Papiere von BMW durchaus das Potenzial haben, um auf 200 Euro anzusteigen.<\/p>\n<p>Damit stellt sich die Frage, wie man am besten mit den Aktien des Autobauers handeln kann. Wir empfehlen hierf\u00fcr einen CFD Broker. Denn dort hat man zum Beispiel auch die M\u00f6glichkeit, den B\u00f6rsenhandel vorab auf einem kostenlosen Demokonto auszuprobieren.<\/p>\n<p>Darauf handelt man mit virtuellem Kapital und kann auf diese Weise das Trading mit Aktien ohne Risiko kennen lernen. Um einen guten Anbieter zu finden, kann man unseren gro\u00dfen Broker Vergleich nutzen. Damit ist es zum Beispiel auch einfach, einen <a href=\"https:\/\/asktraders-stg.knitbyhands.com\/de\/broker\/cfd\/\">g\u00fcnstigen CFD Broker<\/a> f\u00fcr den Handel mit der BMW Aktie zu finden.<\/p>\n","protected":false},"author":356,"featured_media":48746,"comment_status":"open","ping_status":"closed","template":"legacy-single.blade.php","news_cluster":[],"tradingcategory":[58519],"class_list":["post-107705","news","type-news","status-publish","has-post-thumbnail","hentry","tradingcategory-news-de"],"acf":[],"apple_news_notices":[],"yoast_head":"<!-- This site is optimized with the Yoast SEO Premium plugin v26.3 (Yoast SEO v26.4) - https:\/\/yoast.com\/wordpress\/plugins\/seo\/ -->\n<title>BMW Aktie: Endlich ist die Korrektur beendet! | asktraders-stg.knitbyhands.com<\/title>\n<meta name=\"robots\" content=\"index, follow, max-snippet:-1, max-image-preview:large, max-video-preview:-1\" \/>\n<link rel=\"canonical\" href=\"https:\/\/asktraders-stg.knitbyhands.com\/de\/finanznachrichten\/bmw-aktie-endlich-ist-die-korrektur-beendet\/\" \/>\n<meta property=\"og:locale\" content=\"de_DE\" \/>\n<meta property=\"og:type\" content=\"article\" \/>\n<meta property=\"og:title\" content=\"BMW Aktie: Endlich ist die Korrektur beendet!\" \/>\n<meta property=\"og:description\" content=\"Freuen kann sich die BMW Aktie aber zum Beispiel auch \u00fcber die Tatsache, dass die Corona Krise in China mittlerweile \u00fcberwunden scheint. So werden dort sogar wieder mehr Fahrzeuge verkauft, als im letzten Jahr. Auch f\u00fcr BMW ist dies besonders wichtig: Denn mittlerweile wird rund jedes dritte Auto des M\u00fcnchner Unternehmens in China abgesetzt. Die &hellip; Continued\" \/>\n<meta property=\"og:url\" content=\"https:\/\/asktraders-stg.knitbyhands.com\/de\/finanznachrichten\/bmw-aktie-endlich-ist-die-korrektur-beendet\/\" \/>\n<meta property=\"og:site_name\" content=\"asktraders-stg.knitbyhands.com\" \/>\n<meta property=\"article:publisher\" content=\"https:\/\/www.facebook.com\/asktraderscom\" \/>\n<meta property=\"og:image\" content=\"https:\/\/asktraders-stg.knitbyhands.com\/wp-content\/uploads\/2019\/06\/BMW.jpg\" \/>\n\t<meta property=\"og:image:width\" content=\"1000\" \/>\n\t<meta property=\"og:image:height\" content=\"667\" \/>\n\t<meta property=\"og:image:type\" content=\"image\/jpeg\" \/>\n<meta name=\"twitter:card\" content=\"summary_large_image\" \/>\n<meta name=\"twitter:site\" content=\"@Asktraders1\" \/>\n<meta name=\"twitter:label1\" content=\"Gesch\u00e4tzte Lesezeit\" \/>\n\t<meta name=\"twitter:data1\" content=\"2\u00a0Minuten\" \/>\n<script type=\"application\/ld+json\" class=\"yoast-schema-graph\">{\"@context\":\"https:\/\/schema.org\",\"@graph\":[{\"@type\":\"NewsArticle\",\"@id\":\"https:\/\/asktraders-stg.knitbyhands.com\/de\/finanznachrichten\/bmw-aktie-endlich-ist-die-korrektur-beendet\/#article\",\"isPartOf\":{\"@id\":\"https:\/\/asktraders-stg.knitbyhands.com\/de\/finanznachrichten\/bmw-aktie-endlich-ist-die-korrektur-beendet\/\"},\"author\":{\"name\":\"Simon Mugo\",\"@id\":\"https:\/\/asktraders-stg.knitbyhands.com\/de\/#\/schema\/person\/15210b30b0eee6ad4a094cc7c40572af\",\"url\":\"https:\/\/asktraders-stg.knitbyhands.com\/de\/author\/simon-mugo\/\"},\"headline\":\"BMW Aktie: Endlich ist die Korrektur beendet!\",\"datePublished\":\"2020-11-27T09:48:59+00:00\",\"mainEntityOfPage\":{\"@id\":\"https:\/\/asktraders-stg.knitbyhands.com\/de\/finanznachrichten\/bmw-aktie-endlich-ist-die-korrektur-beendet\/\"},\"wordCount\":349,\"commentCount\":0,\"publisher\":{\"@id\":\"https:\/\/asktraders-stg.knitbyhands.com\/de\/#organization\"},\"image\":{\"@id\":\"https:\/\/asktraders-stg.knitbyhands.com\/de\/finanznachrichten\/bmw-aktie-endlich-ist-die-korrektur-beendet\/#primaryimage\"},\"thumbnailUrl\":\"https:\/\/asktraders-stg.knitbyhands.com\/wp-content\/uploads\/2019\/06\/BMW.jpg\",\"keywords\":[\"BMW\"],\"inLanguage\":\"de\",\"potentialAction\":[{\"@type\":\"CommentAction\",\"name\":\"Comment\",\"target\":[\"https:\/\/asktraders-stg.knitbyhands.com\/de\/finanznachrichten\/bmw-aktie-endlich-ist-die-korrektur-beendet\/#respond\"]}],\"copyrightYear\":\"2020\",\"copyrightHolder\":{\"@id\":\"https:\/\/asktraders-stg.knitbyhands.com\/#organization\"}},{\"@type\":\"WebPage\",\"@id\":\"https:\/\/asktraders-stg.knitbyhands.com\/de\/finanznachrichten\/bmw-aktie-endlich-ist-die-korrektur-beendet\/\",\"url\":\"https:\/\/asktraders-stg.knitbyhands.com\/de\/finanznachrichten\/bmw-aktie-endlich-ist-die-korrektur-beendet\/\",\"name\":\"BMW Aktie: Endlich ist die Korrektur beendet! | asktraders-stg.knitbyhands.com\",\"isPartOf\":{\"@id\":\"https:\/\/asktraders-stg.knitbyhands.com\/de\/#website\"},\"primaryImageOfPage\":{\"@id\":\"https:\/\/asktraders-stg.knitbyhands.com\/de\/finanznachrichten\/bmw-aktie-endlich-ist-die-korrektur-beendet\/#primaryimage\"},\"image\":{\"@id\":\"https:\/\/asktraders-stg.knitbyhands.com\/de\/finanznachrichten\/bmw-aktie-endlich-ist-die-korrektur-beendet\/#primaryimage\"},\"thumbnailUrl\":\"https:\/\/asktraders-stg.knitbyhands.com\/wp-content\/uploads\/2019\/06\/BMW.jpg\",\"datePublished\":\"2020-11-27T09:48:59+00:00\",\"breadcrumb\":{\"@id\":\"https:\/\/asktraders-stg.knitbyhands.com\/de\/finanznachrichten\/bmw-aktie-endlich-ist-die-korrektur-beendet\/#breadcrumb\"},\"inLanguage\":\"de\",\"potentialAction\":[{\"@type\":\"ReadAction\",\"target\":[\"https:\/\/asktraders-stg.knitbyhands.com\/de\/finanznachrichten\/bmw-aktie-endlich-ist-die-korrektur-beendet\/\"]}]},{\"@type\":\"ImageObject\",\"inLanguage\":\"de\",\"@id\":\"https:\/\/asktraders-stg.knitbyhands.com\/de\/finanznachrichten\/bmw-aktie-endlich-ist-die-korrektur-beendet\/#primaryimage\",\"url\":\"https:\/\/asktraders-stg.knitbyhands.com\/wp-content\/uploads\/2019\/06\/BMW.jpg\",\"contentUrl\":\"https:\/\/asktraders-stg.knitbyhands.com\/wp-content\/uploads\/2019\/06\/BMW.jpg\",\"width\":1000,\"height\":667},{\"@type\":\"BreadcrumbList\",\"@id\":\"https:\/\/asktraders-stg.knitbyhands.com\/de\/finanznachrichten\/bmw-aktie-endlich-ist-die-korrektur-beendet\/#breadcrumb\",\"itemListElement\":[{\"@type\":\"ListItem\",\"position\":1,\"name\":\"Home\",\"item\":\"https:\/\/asktraders-stg.knitbyhands.com\/de\/\"},{\"@type\":\"ListItem\",\"position\":2,\"name\":\"News\",\"item\":\"https:\/\/asktraders-stg.knitbyhands.com\/de\/finanznachrichten\/\"},{\"@type\":\"ListItem\",\"position\":3,\"name\":\"BMW Aktie: Endlich ist die Korrektur beendet!\"}]},{\"@type\":\"WebSite\",\"@id\":\"https:\/\/asktraders-stg.knitbyhands.com\/de\/#website\",\"url\":\"https:\/\/asktraders-stg.knitbyhands.com\/de\/\",\"name\":\"AskTraders\",\"description\":\"Guiding You To Trading Success\",\"publisher\":{\"@id\":\"https:\/\/asktraders-stg.knitbyhands.com\/de\/#organization\"},\"inLanguage\":\"de\"},{\"@type\":\"Organization\",\"@id\":\"https:\/\/asktraders-stg.knitbyhands.com\/de\/#organization\",\"name\":\"AskTraders\",\"url\":\"https:\/\/asktraders-stg.knitbyhands.com\/de\/\",\"logo\":{\"@type\":\"ImageObject\",\"inLanguage\":\"de\",\"@id\":\"https:\/\/asktraders-stg.knitbyhands.com\/de\/#\/schema\/logo\/image\/\",\"url\":\"https:\/\/asktraders-stg.knitbyhands.com\/wp-content\/uploads\/2019\/05\/asktraders-logo-tm-white.png\",\"contentUrl\":\"https:\/\/asktraders-stg.knitbyhands.com\/wp-content\/uploads\/2019\/05\/asktraders-logo-tm-white.png\",\"width\":232,\"height\":38,\"caption\":\"AskTraders\"},\"image\":{\"@id\":\"https:\/\/asktraders-stg.knitbyhands.com\/de\/#\/schema\/logo\/image\/\"},\"sameAs\":[\"https:\/\/www.facebook.com\/asktraderscom\",\"https:\/\/x.com\/Asktraders1\"]},{\"@type\":\"Person\",\"@id\":\"https:\/\/asktraders-stg.knitbyhands.com\/de\/#\/schema\/person\/15210b30b0eee6ad4a094cc7c40572af\",\"name\":\"Simon Mugo\",\"image\":{\"@type\":\"ImageObject\",\"inLanguage\":\"de\",\"@id\":\"https:\/\/asktraders-stg.knitbyhands.com\/de\/#\/schema\/person\/image\/\",\"url\":\"https:\/\/secure.gravatar.com\/avatar\/5b5a2bfb28209f3b12fa4952c2a78f38d2f53d40557ab63bdb28e95dd73f25e5?s=96&d=mm&r=g\",\"contentUrl\":\"https:\/\/secure.gravatar.com\/avatar\/5b5a2bfb28209f3b12fa4952c2a78f38d2f53d40557ab63bdb28e95dd73f25e5?s=96&d=mm&r=g\",\"caption\":\"Simon Mugo\"}}]}<\/script>\n<!-- \/ Yoast SEO Premium plugin. -->","yoast_head_json":{"title":"BMW Aktie: Endlich ist die Korrektur beendet! | asktraders-stg.knitbyhands.com","robots":{"index":"index","follow":"follow","max-snippet":"max-snippet:-1","max-image-preview":"max-image-preview:large","max-video-preview":"max-video-preview:-1"},"canonical":"https:\/\/asktraders-stg.knitbyhands.com\/de\/finanznachrichten\/bmw-aktie-endlich-ist-die-korrektur-beendet\/","og_locale":"de_DE","og_type":"article","og_title":"BMW Aktie: Endlich ist die Korrektur beendet!","og_description":"Freuen kann sich die BMW Aktie aber zum Beispiel auch \u00fcber die Tatsache, dass die Corona Krise in China mittlerweile \u00fcberwunden scheint. So werden dort sogar wieder mehr Fahrzeuge verkauft, als im letzten Jahr. Auch f\u00fcr BMW ist dies besonders wichtig: Denn mittlerweile wird rund jedes dritte Auto des M\u00fcnchner Unternehmens in China abgesetzt. Die &hellip; Continued","og_url":"https:\/\/asktraders-stg.knitbyhands.com\/de\/finanznachrichten\/bmw-aktie-endlich-ist-die-korrektur-beendet\/","og_site_name":"asktraders-stg.knitbyhands.com","article_publisher":"https:\/\/www.facebook.com\/asktraderscom","og_image":[{"width":1000,"height":667,"url":"https:\/\/asktraders-stg.knitbyhands.com\/wp-content\/uploads\/2019\/06\/BMW.jpg","type":"image\/jpeg"}],"twitter_card":"summary_large_image","twitter_site":"@Asktraders1","twitter_misc":{"Gesch\u00e4tzte Lesezeit":"2\u00a0Minuten"},"schema":{"@context":"https:\/\/schema.org","@graph":[{"@type":"NewsArticle","@id":"https:\/\/asktraders-stg.knitbyhands.com\/de\/finanznachrichten\/bmw-aktie-endlich-ist-die-korrektur-beendet\/#article","isPartOf":{"@id":"https:\/\/asktraders-stg.knitbyhands.com\/de\/finanznachrichten\/bmw-aktie-endlich-ist-die-korrektur-beendet\/"},"author":{"name":"Simon Mugo","@id":"https:\/\/asktraders-stg.knitbyhands.com\/de\/#\/schema\/person\/15210b30b0eee6ad4a094cc7c40572af","url":"https:\/\/asktraders-stg.knitbyhands.com\/de\/author\/simon-mugo\/"},"headline":"BMW Aktie: Endlich ist die Korrektur beendet!","datePublished":"2020-11-27T09:48:59+00:00","mainEntityOfPage":{"@id":"https:\/\/asktraders-stg.knitbyhands.com\/de\/finanznachrichten\/bmw-aktie-endlich-ist-die-korrektur-beendet\/"},"wordCount":349,"commentCount":0,"publisher":{"@id":"https:\/\/asktraders-stg.knitbyhands.com\/de\/#organization"},"image":{"@id":"https:\/\/asktraders-stg.knitbyhands.com\/de\/finanznachrichten\/bmw-aktie-endlich-ist-die-korrektur-beendet\/#primaryimage"},"thumbnailUrl":"https:\/\/asktraders-stg.knitbyhands.com\/wp-content\/uploads\/2019\/06\/BMW.jpg","keywords":["BMW"],"inLanguage":"de","potentialAction":[{"@type":"CommentAction","name":"Comment","target":["https:\/\/asktraders-stg.knitbyhands.com\/de\/finanznachrichten\/bmw-aktie-endlich-ist-die-korrektur-beendet\/#respond"]}],"copyrightYear":"2020","copyrightHolder":{"@id":"https:\/\/asktraders-stg.knitbyhands.com\/#organization"}},{"@type":"WebPage","@id":"https:\/\/asktraders-stg.knitbyhands.com\/de\/finanznachrichten\/bmw-aktie-endlich-ist-die-korrektur-beendet\/","url":"https:\/\/asktraders-stg.knitbyhands.com\/de\/finanznachrichten\/bmw-aktie-endlich-ist-die-korrektur-beendet\/","name":"BMW Aktie: Endlich ist die Korrektur beendet! | asktraders-stg.knitbyhands.com","isPartOf":{"@id":"https:\/\/asktraders-stg.knitbyhands.com\/de\/#website"},"primaryImageOfPage":{"@id":"https:\/\/asktraders-stg.knitbyhands.com\/de\/finanznachrichten\/bmw-aktie-endlich-ist-die-korrektur-beendet\/#primaryimage"},"image":{"@id":"https:\/\/asktraders-stg.knitbyhands.com\/de\/finanznachrichten\/bmw-aktie-endlich-ist-die-korrektur-beendet\/#primaryimage"},"thumbnailUrl":"https:\/\/asktraders-stg.knitbyhands.com\/wp-content\/uploads\/2019\/06\/BMW.jpg","datePublished":"2020-11-27T09:48:59+00:00","breadcrumb":{"@id":"https:\/\/asktraders-stg.knitbyhands.com\/de\/finanznachrichten\/bmw-aktie-endlich-ist-die-korrektur-beendet\/#breadcrumb"},"inLanguage":"de","potentialAction":[{"@type":"ReadAction","target":["https:\/\/asktraders-stg.knitbyhands.com\/de\/finanznachrichten\/bmw-aktie-endlich-ist-die-korrektur-beendet\/"]}]},{"@type":"ImageObject","inLanguage":"de","@id":"https:\/\/asktraders-stg.knitbyhands.com\/de\/finanznachrichten\/bmw-aktie-endlich-ist-die-korrektur-beendet\/#primaryimage","url":"https:\/\/asktraders-stg.knitbyhands.com\/wp-content\/uploads\/2019\/06\/BMW.jpg","contentUrl":"https:\/\/asktraders-stg.knitbyhands.com\/wp-content\/uploads\/2019\/06\/BMW.jpg","width":1000,"height":667},{"@type":"BreadcrumbList","@id":"https:\/\/asktraders-stg.knitbyhands.com\/de\/finanznachrichten\/bmw-aktie-endlich-ist-die-korrektur-beendet\/#breadcrumb","itemListElement":[{"@type":"ListItem","position":1,"name":"Home","item":"https:\/\/asktraders-stg.knitbyhands.com\/de\/"},{"@type":"ListItem","position":2,"name":"News","item":"https:\/\/asktraders-stg.knitbyhands.com\/de\/finanznachrichten\/"},{"@type":"ListItem","position":3,"name":"BMW Aktie: Endlich ist die Korrektur beendet!"}]},{"@type":"WebSite","@id":"https:\/\/asktraders-stg.knitbyhands.com\/de\/#website","url":"https:\/\/asktraders-stg.knitbyhands.com\/de\/","name":"AskTraders","description":"Guiding You To Trading Success","publisher":{"@id":"https:\/\/asktraders-stg.knitbyhands.com\/de\/#organization"},"inLanguage":"de"},{"@type":"Organization","@id":"https:\/\/asktraders-stg.knitbyhands.com\/de\/#organization","name":"AskTraders","url":"https:\/\/asktraders-stg.knitbyhands.com\/de\/","logo":{"@type":"ImageObject","inLanguage":"de","@id":"https:\/\/asktraders-stg.knitbyhands.com\/de\/#\/schema\/logo\/image\/","url":"https:\/\/asktraders-stg.knitbyhands.com\/wp-content\/uploads\/2019\/05\/asktraders-logo-tm-white.png","contentUrl":"https:\/\/asktraders-stg.knitbyhands.com\/wp-content\/uploads\/2019\/05\/asktraders-logo-tm-white.png","width":232,"height":38,"caption":"AskTraders"},"image":{"@id":"https:\/\/asktraders-stg.knitbyhands.com\/de\/#\/schema\/logo\/image\/"},"sameAs":["https:\/\/www.facebook.com\/asktraderscom","https:\/\/x.com\/Asktraders1"]},{"@type":"Person","@id":"https:\/\/asktraders-stg.knitbyhands.com\/de\/#\/schema\/person\/15210b30b0eee6ad4a094cc7c40572af","name":"Simon Mugo","image":{"@type":"ImageObject","inLanguage":"de","@id":"https:\/\/asktraders-stg.knitbyhands.com\/de\/#\/schema\/person\/image\/","url":"https:\/\/secure.gravatar.com\/avatar\/5b5a2bfb28209f3b12fa4952c2a78f38d2f53d40557ab63bdb28e95dd73f25e5?s=96&d=mm&r=g","contentUrl":"https:\/\/secure.gravatar.com\/avatar\/5b5a2bfb28209f3b12fa4952c2a78f38d2f53d40557ab63bdb28e95dd73f25e5?s=96&d=mm&r=g","caption":"Simon Mugo"}}]}},"_links":{"self":[{"href":"https:\/\/asktraders-stg.knitbyhands.com\/de\/wp-json\/wp\/v2\/news\/107705","targetHints":{"allow":["GET"]}}],"collection":[{"href":"https:\/\/asktraders-stg.knitbyhands.com\/de\/wp-json\/wp\/v2\/news"}],"about":[{"href":"https:\/\/asktraders-stg.knitbyhands.com\/de\/wp-json\/wp\/v2\/types\/news"}],"author":[{"embeddable":true,"href":"https:\/\/asktraders-stg.knitbyhands.com\/de\/wp-json\/wp\/v2\/users\/356"}],"replies":[{"embeddable":true,"href":"https:\/\/asktraders-stg.knitbyhands.com\/de\/wp-json\/wp\/v2\/comments?post=107705"}],"version-history":[{"count":0,"href":"https:\/\/asktraders-stg.knitbyhands.com\/de\/wp-json\/wp\/v2\/news\/107705\/revisions"}],"wp:featuredmedia":[{"embeddable":true,"href":"https:\/\/asktraders-stg.knitbyhands.com\/de\/wp-json\/wp\/v2\/media\/48746"}],"wp:attachment":[{"href":"https:\/\/asktraders-stg.knitbyhands.com\/de\/wp-json\/wp\/v2\/media?parent=107705"}],"wp:term":[{"taxonomy":"news_cluster","embeddable":true,"href":"https:\/\/asktraders-stg.knitbyhands.com\/de\/wp-json\/wp\/v2\/news_cluster?post=107705"},{"taxonomy":"tradingcategory","embeddable":true,"href":"https:\/\/asktraders-stg.knitbyhands.com\/de\/wp-json\/wp\/v2\/tradingcategory?post=107705"}],"curies":[{"name":"wp","href":"https:\/\/api.w.org\/{rel}","templated":true}]}}